{"id":625,"date":"2021-02-02T14:44:23","date_gmt":"2021-02-02T13:44:23","guid":{"rendered":"https:\/\/cafesantillascampos.com\/?p=625"},"modified":"2021-02-09T12:47:51","modified_gmt":"2021-02-09T11:47:51","slug":"los-espanoles-consumimos-entre-tres-y-cuatro-kilos-de-cafe-al-ano","status":"publish","type":"post","link":"https:\/\/cafesantillascampos.com\/de\/los-espanoles-consumimos-entre-tres-y-cuatro-kilos-de-cafe-al-ano\/","title":{"rendered":"&#034;Die Spanier verbraucht zwischen drei und vier Kilo Kaffee pro Jahr&#034;"},"content":{"rendered":"<figure class=\"wp-block-image\"><img decoding=\"async\" src=\"https:\/\/cflvdg.avoz.es\/sc\/9nVFfWIr0DeEsLs1-Opy9VlMSD8=\/x\/2018\/12\/13\/00121544708941931826651\/Foto\/SMD16P13F6_144817.jpg\" alt=\"\"\/><figcaption>Foto: Santi M. Amil<\/figcaption><\/figure>\n\n\n\n<p>Framework stellt die Dritte generation in das Gesch\u00e4ft der Kaffee seit jeher in Ourense.<\/p>\n\n\n\n<p>- Was untergegangen ist der Konsum von Kaffee in den letzten Jahren?<\/p>\n\n\n\n<p>-Wir k\u00f6nnen uns nicht beschweren. Mit der Krise, die Leute einfach immer Essen, weil der Preis des Kaffees ist relativ erschwinglich, um alle \u00fcber die Welt und, nach dem Studium, ist ein Getr\u00e4nk, das ist gut-sehen ist sozial. Nicht nur gesenkt hat, seinen Konsum, aber es ist leicht gewachsen, aber in Spanien haben wir zwischen 3 und 4 Kilo pro person pro Jahr, und dies ist sehr weit von der 11 Kilo, die sind hergestellt in Finnland.<\/p>\n\n\n\n<p>- Was hat die Branche den Einstieg in den gaming-Markt der Kapseln?<\/p>\n\n\n\n<p>-Es ist das Gesch\u00e4ft mit George Clooney. Ihre anzeigen haben, den Schuss, den Verbrauch der Produkt, aber wir haben es ablehnte, Kapseln, bis wir unser Geschmack, denn wir wollten den Kunden zu identifizieren. Jetzt haben wir ein Unternehmen, welches unseren Kaffee, und wir senden es in 48 Stunden, und arbeiten gut.<\/p>\n\n\n\n<p>- Was sind Ihre Pl\u00e4ne f\u00fcr die Zukunft?<\/p>\n\n\n\n<p>-Im Januar starten wir ein Schulungsraum und ein Labor, denn bis jetzt externaliz\u00e1bamos diesem service. Wir wollen, dass unsere Kunden, Freiberufler und Privatpersonen, Sie wissen, wie Sie mit der Kaffee, wei\u00df alle Welt, dass es hinter unseren Produkten, weil es eine Welt ist sehr sch\u00f6n.<\/p>\n\n\n\n<p><a href=\"https:\/\/www.lavozdegalicia.es\/noticia\/mercados\/2018\/12\/16\/espanoles-consumimos-tres-cuatro-kilos-cafe-ano\/0003_201812SM16P9993.htm#\"><\/a><\/p>","protected":false},"excerpt":{"rendered":"<p>Marco representa la tercera generaci\u00f3n en esta empresa de cafeteros que siempre ha estado radicada en Ourense. -\u00bfHa bajado el consumo de caf\u00e9 en los \u00faltimos a\u00f1os? -No nos podemos quejar. Con la crisis la gente sigui\u00f3 consumiendo porque el precio del caf\u00e9 es relativamente asequible para todo el mundo y, seg\u00fan los estudios, es [&hellip;]<\/p>","protected":false},"author":1,"featured_media":626,"comment_status":"open","ping_status":"open","sticky":false,"template":"","format":"standard","meta":{"_jet_sm_ready_style":"","_jet_sm_style":"","_jet_sm_controls_values":"","_jet_sm_fonts_collection":"","_jet_sm_fonts_links":"","_joinchat":[],"footnotes":""},"categories":[38],"tags":[],"class_list":["post-625","post","type-post","status-publish","format-standard","has-post-thumbnail","hentry","category-noticias"],"yoast_head":"<!-- This site is optimized with the Yoast SEO plugin v26.0 - https:\/\/yoast.com\/wordpress\/plugins\/seo\/ -->\n<title>\u00abLos espa\u00f1oles consumimos entre tres y cuatro kilos de caf\u00e9 al a\u00f1o\u00bb - Caf\u00e9s Las Antillas Campos<\/title>\n<meta name=\"description\" content=\"Tostadero de Caf\u00e9 Las Antillas - Campos. Desde 1922.\" \/>\n<meta name=\"robots\" content=\"index, follow, max-snippet:-1, max-image-preview:large, max-video-preview:-1\" \/>\n<link rel=\"canonical\" href=\"https:\/\/cafesantillascampos.com\/de\/los-espanoles-consumimos-entre-tres-y-cuatro-kilos-de-cafe-al-ano\/\" \/>\n<meta property=\"og:locale\" content=\"de_DE\" \/>\n<meta property=\"og:type\" content=\"article\" \/>\n<meta property=\"og:title\" content=\"\u00abLos espa\u00f1oles consumimos entre tres y cuatro kilos de caf\u00e9 al a\u00f1o\u00bb - Caf\u00e9s Las Antillas Campos\" \/>\n<meta property=\"og:description\" content=\"Tostadero de Caf\u00e9 Las Antillas - Campos. Desde 1922.\" \/>\n<meta property=\"og:url\" content=\"https:\/\/cafesantillascampos.com\/de\/los-espanoles-consumimos-entre-tres-y-cuatro-kilos-de-cafe-al-ano\/\" \/>\n<meta property=\"og:site_name\" content=\"Caf\u00e9s Las Antillas Campos\" \/>\n<meta property=\"article:publisher\" content=\"https:\/\/www.facebook.com\/cafesantillas\/\" \/>\n<meta property=\"article:published_time\" content=\"2021-02-02T13:44:23+00:00\" \/>\n<meta property=\"article:modified_time\" content=\"2021-02-09T11:47:51+00:00\" \/>\n<meta property=\"og:image\" content=\"https:\/\/cafesantillascampos.com\/wp-content\/uploads\/2021\/02\/Noticia_2.jpg\" \/>\n\t<meta property=\"og:image:width\" content=\"980\" \/>\n\t<meta property=\"og:image:height\" content=\"550\" \/>\n\t<meta property=\"og:image:type\" content=\"image\/jpeg\" \/>\n<meta name=\"author\" content=\"cafes_la\" \/>\n<meta name=\"twitter:card\" content=\"summary_large_image\" \/>\n<meta name=\"twitter:label1\" content=\"Verfasst von\" \/>\n\t<meta name=\"twitter:data1\" content=\"cafes_la\" \/>\n\t<meta name=\"twitter:label2\" content=\"Gesch\u00e4tzte Lesezeit\" \/>\n\t<meta name=\"twitter:data2\" content=\"1\u00a0Minute\" \/>\n<script type=\"application\/ld+json\" class=\"yoast-schema-graph\">{\"@context\":\"https:\/\/schema.org\",\"@graph\":[{\"@type\":\"Article\",\"@id\":\"https:\/\/cafesantillascampos.com\/los-espanoles-consumimos-entre-tres-y-cuatro-kilos-de-cafe-al-ano\/#article\",\"isPartOf\":{\"@id\":\"https:\/\/cafesantillascampos.com\/los-espanoles-consumimos-entre-tres-y-cuatro-kilos-de-cafe-al-ano\/\"},\"author\":{\"name\":\"cafes_la\",\"@id\":\"https:\/\/cafesantillascampos.com\/#\/schema\/person\/17352de52c537288171125e86e9f894c\"},\"headline\":\"\u00abLos espa\u00f1oles consumimos entre tres y cuatro kilos de caf\u00e9 al a\u00f1o\u00bb\",\"datePublished\":\"2021-02-02T13:44:23+00:00\",\"dateModified\":\"2021-02-09T11:47:51+00:00\",\"mainEntityOfPage\":{\"@id\":\"https:\/\/cafesantillascampos.com\/los-espanoles-consumimos-entre-tres-y-cuatro-kilos-de-cafe-al-ano\/\"},\"wordCount\":266,\"commentCount\":0,\"publisher\":{\"@id\":\"https:\/\/cafesantillascampos.com\/#organization\"},\"image\":{\"@id\":\"https:\/\/cafesantillascampos.com\/los-espanoles-consumimos-entre-tres-y-cuatro-kilos-de-cafe-al-ano\/#primaryimage\"},\"thumbnailUrl\":\"https:\/\/cafesantillascampos.com\/wp-content\/uploads\/2021\/02\/Noticia_2.jpg\",\"articleSection\":[\"Noticias\"],\"inLanguage\":\"de\",\"potentialAction\":[{\"@type\":\"CommentAction\",\"name\":\"Comment\",\"target\":[\"https:\/\/cafesantillascampos.com\/los-espanoles-consumimos-entre-tres-y-cuatro-kilos-de-cafe-al-ano\/#respond\"]}]},{\"@type\":\"WebPage\",\"@id\":\"https:\/\/cafesantillascampos.com\/los-espanoles-consumimos-entre-tres-y-cuatro-kilos-de-cafe-al-ano\/\",\"url\":\"https:\/\/cafesantillascampos.com\/los-espanoles-consumimos-entre-tres-y-cuatro-kilos-de-cafe-al-ano\/\",\"name\":\"\u00abLos espa\u00f1oles consumimos entre tres y cuatro kilos de caf\u00e9 al a\u00f1o\u00bb - Caf\u00e9s Las Antillas Campos\",\"isPartOf\":{\"@id\":\"https:\/\/cafesantillascampos.com\/#website\"},\"primaryImageOfPage\":{\"@id\":\"https:\/\/cafesantillascampos.com\/los-espanoles-consumimos-entre-tres-y-cuatro-kilos-de-cafe-al-ano\/#primaryimage\"},\"image\":{\"@id\":\"https:\/\/cafesantillascampos.com\/los-espanoles-consumimos-entre-tres-y-cuatro-kilos-de-cafe-al-ano\/#primaryimage\"},\"thumbnailUrl\":\"https:\/\/cafesantillascampos.com\/wp-content\/uploads\/2021\/02\/Noticia_2.jpg\",\"datePublished\":\"2021-02-02T13:44:23+00:00\",\"dateModified\":\"2021-02-09T11:47:51+00:00\",\"description\":\"Tostadero de Caf\u00e9 Las Antillas - Campos. Desde 1922.\",\"breadcrumb\":{\"@id\":\"https:\/\/cafesantillascampos.com\/los-espanoles-consumimos-entre-tres-y-cuatro-kilos-de-cafe-al-ano\/#breadcrumb\"},\"inLanguage\":\"de\",\"potentialAction\":[{\"@type\":\"ReadAction\",\"target\":[\"https:\/\/cafesantillascampos.com\/los-espanoles-consumimos-entre-tres-y-cuatro-kilos-de-cafe-al-ano\/\"]}]},{\"@type\":\"ImageObject\",\"inLanguage\":\"de\",\"@id\":\"https:\/\/cafesantillascampos.com\/los-espanoles-consumimos-entre-tres-y-cuatro-kilos-de-cafe-al-ano\/#primaryimage\",\"url\":\"https:\/\/cafesantillascampos.com\/wp-content\/uploads\/2021\/02\/Noticia_2.jpg\",\"contentUrl\":\"https:\/\/cafesantillascampos.com\/wp-content\/uploads\/2021\/02\/Noticia_2.jpg\",\"width\":980,\"height\":550,\"caption\":\"Marco\"},{\"@type\":\"BreadcrumbList\",\"@id\":\"https:\/\/cafesantillascampos.com\/los-espanoles-consumimos-entre-tres-y-cuatro-kilos-de-cafe-al-ano\/#breadcrumb\",\"itemListElement\":[{\"@type\":\"ListItem\",\"position\":1,\"name\":\"Portada\",\"item\":\"https:\/\/cafesantillascampos.com\/\"},{\"@type\":\"ListItem\",\"position\":2,\"name\":\"\u00abLos espa\u00f1oles consumimos entre tres y cuatro kilos de caf\u00e9 al a\u00f1o\u00bb\"}]},{\"@type\":\"WebSite\",\"@id\":\"https:\/\/cafesantillascampos.com\/#website\",\"url\":\"https:\/\/cafesantillascampos.com\/\",\"name\":\"Caf\u00e9s Las Antillas Campos\",\"description\":\"Tostadero de Caf\u00e9 Las Antillas - Campos. Desde 1922.\",\"publisher\":{\"@id\":\"https:\/\/cafesantillascampos.com\/#organization\"},\"potentialAction\":[{\"@type\":\"SearchAction\",\"target\":{\"@type\":\"EntryPoint\",\"urlTemplate\":\"https:\/\/cafesantillascampos.com\/?s={search_term_string}\"},\"query-input\":{\"@type\":\"PropertyValueSpecification\",\"valueRequired\":true,\"valueName\":\"search_term_string\"}}],\"inLanguage\":\"de\"},{\"@type\":\"Organization\",\"@id\":\"https:\/\/cafesantillascampos.com\/#organization\",\"name\":\"Caf\u00e9s Las Antillas - Campos\",\"url\":\"https:\/\/cafesantillascampos.com\/\",\"logo\":{\"@type\":\"ImageObject\",\"inLanguage\":\"de\",\"@id\":\"https:\/\/cafesantillascampos.com\/#\/schema\/logo\/image\/\",\"url\":\"https:\/\/cafesantillascampos.com\/wp-content\/uploads\/2021\/02\/Logotipo_Web_001.png\",\"contentUrl\":\"https:\/\/cafesantillascampos.com\/wp-content\/uploads\/2021\/02\/Logotipo_Web_001.png\",\"width\":1920,\"height\":374,\"caption\":\"Caf\u00e9s Las Antillas - Campos\"},\"image\":{\"@id\":\"https:\/\/cafesantillascampos.com\/#\/schema\/logo\/image\/\"},\"sameAs\":[\"https:\/\/www.facebook.com\/cafesantillas\/\",\"https:\/\/www.instagram.com\/cafes_las_antillas_campos\/\"]},{\"@type\":\"Person\",\"@id\":\"https:\/\/cafesantillascampos.com\/#\/schema\/person\/17352de52c537288171125e86e9f894c\",\"name\":\"cafes_la\",\"sameAs\":[\"https:\/\/cafesantillascampos.com\/\"],\"url\":\"https:\/\/cafesantillascampos.com\/de\/author\/cafes_la\/\"}]}<\/script>\n<!-- \/ Yoast SEO plugin. -->","yoast_head_json":{"title":"\u00abLos espa\u00f1oles consumimos entre tres y cuatro kilos de caf\u00e9 al a\u00f1o\u00bb - Caf\u00e9s Las Antillas Campos","description":"Tostadero de Caf\u00e9 Las Antillas - Campos. Desde 1922.","robots":{"index":"index","follow":"follow","max-snippet":"max-snippet:-1","max-image-preview":"max-image-preview:large","max-video-preview":"max-video-preview:-1"},"canonical":"https:\/\/cafesantillascampos.com\/de\/los-espanoles-consumimos-entre-tres-y-cuatro-kilos-de-cafe-al-ano\/","og_locale":"de_DE","og_type":"article","og_title":"\u00abLos espa\u00f1oles consumimos entre tres y cuatro kilos de caf\u00e9 al a\u00f1o\u00bb - Caf\u00e9s Las Antillas Campos","og_description":"Tostadero de Caf\u00e9 Las Antillas - Campos. Desde 1922.","og_url":"https:\/\/cafesantillascampos.com\/de\/los-espanoles-consumimos-entre-tres-y-cuatro-kilos-de-cafe-al-ano\/","og_site_name":"Caf\u00e9s Las Antillas Campos","article_publisher":"https:\/\/www.facebook.com\/cafesantillas\/","article_published_time":"2021-02-02T13:44:23+00:00","article_modified_time":"2021-02-09T11:47:51+00:00","og_image":[{"width":980,"height":550,"url":"https:\/\/cafesantillascampos.com\/wp-content\/uploads\/2021\/02\/Noticia_2.jpg","type":"image\/jpeg"}],"author":"cafes_la","twitter_card":"summary_large_image","twitter_misc":{"Verfasst von":"cafes_la","Gesch\u00e4tzte Lesezeit":"1\u00a0Minute"},"schema":{"@context":"https:\/\/schema.org","@graph":[{"@type":"Article","@id":"https:\/\/cafesantillascampos.com\/los-espanoles-consumimos-entre-tres-y-cuatro-kilos-de-cafe-al-ano\/#article","isPartOf":{"@id":"https:\/\/cafesantillascampos.com\/los-espanoles-consumimos-entre-tres-y-cuatro-kilos-de-cafe-al-ano\/"},"author":{"name":"cafes_la","@id":"https:\/\/cafesantillascampos.com\/#\/schema\/person\/17352de52c537288171125e86e9f894c"},"headline":"\u00abLos espa\u00f1oles consumimos entre tres y cuatro kilos de caf\u00e9 al a\u00f1o\u00bb","datePublished":"2021-02-02T13:44:23+00:00","dateModified":"2021-02-09T11:47:51+00:00","mainEntityOfPage":{"@id":"https:\/\/cafesantillascampos.com\/los-espanoles-consumimos-entre-tres-y-cuatro-kilos-de-cafe-al-ano\/"},"wordCount":266,"commentCount":0,"publisher":{"@id":"https:\/\/cafesantillascampos.com\/#organization"},"image":{"@id":"https:\/\/cafesantillascampos.com\/los-espanoles-consumimos-entre-tres-y-cuatro-kilos-de-cafe-al-ano\/#primaryimage"},"thumbnailUrl":"https:\/\/cafesantillascampos.com\/wp-content\/uploads\/2021\/02\/Noticia_2.jpg","articleSection":["Noticias"],"inLanguage":"de","potentialAction":[{"@type":"CommentAction","name":"Comment","target":["https:\/\/cafesantillascampos.com\/los-espanoles-consumimos-entre-tres-y-cuatro-kilos-de-cafe-al-ano\/#respond"]}]},{"@type":"WebPage","@id":"https:\/\/cafesantillascampos.com\/los-espanoles-consumimos-entre-tres-y-cuatro-kilos-de-cafe-al-ano\/","url":"https:\/\/cafesantillascampos.com\/los-espanoles-consumimos-entre-tres-y-cuatro-kilos-de-cafe-al-ano\/","name":"\u00abLos espa\u00f1oles consumimos entre tres y cuatro kilos de caf\u00e9 al a\u00f1o\u00bb - Caf\u00e9s Las Antillas Campos","isPartOf":{"@id":"https:\/\/cafesantillascampos.com\/#website"},"primaryImageOfPage":{"@id":"https:\/\/cafesantillascampos.com\/los-espanoles-consumimos-entre-tres-y-cuatro-kilos-de-cafe-al-ano\/#primaryimage"},"image":{"@id":"https:\/\/cafesantillascampos.com\/los-espanoles-consumimos-entre-tres-y-cuatro-kilos-de-cafe-al-ano\/#primaryimage"},"thumbnailUrl":"https:\/\/cafesantillascampos.com\/wp-content\/uploads\/2021\/02\/Noticia_2.jpg","datePublished":"2021-02-02T13:44:23+00:00","dateModified":"2021-02-09T11:47:51+00:00","description":"Tostadero de Caf\u00e9 Las Antillas - Campos. Desde 1922.","breadcrumb":{"@id":"https:\/\/cafesantillascampos.com\/los-espanoles-consumimos-entre-tres-y-cuatro-kilos-de-cafe-al-ano\/#breadcrumb"},"inLanguage":"de","potentialAction":[{"@type":"ReadAction","target":["https:\/\/cafesantillascampos.com\/los-espanoles-consumimos-entre-tres-y-cuatro-kilos-de-cafe-al-ano\/"]}]},{"@type":"ImageObject","inLanguage":"de","@id":"https:\/\/cafesantillascampos.com\/los-espanoles-consumimos-entre-tres-y-cuatro-kilos-de-cafe-al-ano\/#primaryimage","url":"https:\/\/cafesantillascampos.com\/wp-content\/uploads\/2021\/02\/Noticia_2.jpg","contentUrl":"https:\/\/cafesantillascampos.com\/wp-content\/uploads\/2021\/02\/Noticia_2.jpg","width":980,"height":550,"caption":"Marco"},{"@type":"BreadcrumbList","@id":"https:\/\/cafesantillascampos.com\/los-espanoles-consumimos-entre-tres-y-cuatro-kilos-de-cafe-al-ano\/#breadcrumb","itemListElement":[{"@type":"ListItem","position":1,"name":"Portada","item":"https:\/\/cafesantillascampos.com\/"},{"@type":"ListItem","position":2,"name":"\u00abLos espa\u00f1oles consumimos entre tres y cuatro kilos de caf\u00e9 al a\u00f1o\u00bb"}]},{"@type":"WebSite","@id":"https:\/\/cafesantillascampos.com\/#website","url":"https:\/\/cafesantillascampos.com\/","name":"Caf\u00e9s Las Antillas Campos","description":"Tostadero de Caf\u00e9 Las Antillas - Campos. Desde 1922.","publisher":{"@id":"https:\/\/cafesantillascampos.com\/#organization"},"potentialAction":[{"@type":"SearchAction","target":{"@type":"EntryPoint","urlTemplate":"https:\/\/cafesantillascampos.com\/?s={search_term_string}"},"query-input":{"@type":"PropertyValueSpecification","valueRequired":true,"valueName":"search_term_string"}}],"inLanguage":"de"},{"@type":"Organization","@id":"https:\/\/cafesantillascampos.com\/#organization","name":"Caf\u00e9s Las Antillas - Campos","url":"https:\/\/cafesantillascampos.com\/","logo":{"@type":"ImageObject","inLanguage":"de","@id":"https:\/\/cafesantillascampos.com\/#\/schema\/logo\/image\/","url":"https:\/\/cafesantillascampos.com\/wp-content\/uploads\/2021\/02\/Logotipo_Web_001.png","contentUrl":"https:\/\/cafesantillascampos.com\/wp-content\/uploads\/2021\/02\/Logotipo_Web_001.png","width":1920,"height":374,"caption":"Caf\u00e9s Las Antillas - Campos"},"image":{"@id":"https:\/\/cafesantillascampos.com\/#\/schema\/logo\/image\/"},"sameAs":["https:\/\/www.facebook.com\/cafesantillas\/","https:\/\/www.instagram.com\/cafes_las_antillas_campos\/"]},{"@type":"Person","@id":"https:\/\/cafesantillascampos.com\/#\/schema\/person\/17352de52c537288171125e86e9f894c","name":"cafes_la","sameAs":["https:\/\/cafesantillascampos.com\/"],"url":"https:\/\/cafesantillascampos.com\/de\/author\/cafes_la\/"}]}},"_links":{"self":[{"href":"https:\/\/cafesantillascampos.com\/de\/wp-json\/wp\/v2\/posts\/625","targetHints":{"allow":["GET"]}}],"collection":[{"href":"https:\/\/cafesantillascampos.com\/de\/wp-json\/wp\/v2\/posts"}],"about":[{"href":"https:\/\/cafesantillascampos.com\/de\/wp-json\/wp\/v2\/types\/post"}],"author":[{"embeddable":true,"href":"https:\/\/cafesantillascampos.com\/de\/wp-json\/wp\/v2\/users\/1"}],"replies":[{"embeddable":true,"href":"https:\/\/cafesantillascampos.com\/de\/wp-json\/wp\/v2\/comments?post=625"}],"version-history":[{"count":1,"href":"https:\/\/cafesantillascampos.com\/de\/wp-json\/wp\/v2\/posts\/625\/revisions"}],"predecessor-version":[{"id":627,"href":"https:\/\/cafesantillascampos.com\/de\/wp-json\/wp\/v2\/posts\/625\/revisions\/627"}],"wp:featuredmedia":[{"embeddable":true,"href":"https:\/\/cafesantillascampos.com\/de\/wp-json\/wp\/v2\/media\/626"}],"wp:attachment":[{"href":"https:\/\/cafesantillascampos.com\/de\/wp-json\/wp\/v2\/media?parent=625"}],"wp:term":[{"taxonomy":"category","embeddable":true,"href":"https:\/\/cafesantillascampos.com\/de\/wp-json\/wp\/v2\/categories?post=625"},{"taxonomy":"post_tag","embeddable":true,"href":"https:\/\/cafesantillascampos.com\/de\/wp-json\/wp\/v2\/tags?post=625"}],"curies":[{"name":"wp","href":"https:\/\/api.w.org\/{rel}","templated":true}]}}